{"id":140,"date":"2020-06-18T09:49:46","date_gmt":"2020-06-18T09:49:46","guid":{"rendered":"http:\/\/horse.themestek.com\/?p=140"},"modified":"2021-01-04T18:41:15","modified_gmt":"2021-01-04T18:41:15","slug":"tuvredzibas-riska-faktori","status":"publish","type":"post","link":"https:\/\/mobileoptic.lv\/lv\/2020\/06\/18\/tuvredzibas-riska-faktori\/","title":{"rendered":"Saules gaismas iedarb\u012bba samazina tuvredz\u012bbas risku"},"content":{"rendered":"<p>P\u0113t\u012bjumos tika aprakst\u012bts, ka pavadot vair\u0101k laika \u0101rpus telpas,&nbsp; samazin\u0101s tuvredz\u012bbas risks b\u0113rniem, ber run\u0101jot par b\u0113rniem agr\u012bn\u0101 dz\u012bves laik\u0101, tika konstat\u0113ts, ka saules gaismas iedarb\u012bba ir atbild\u012bga par tuvredz\u012bbas progres\u0113\u0161anu n\u0101kamajos gados.<\/p>\n<p>Vair\u0101ki epidemiolo\u0123iskie p\u0113t\u012bjumi liecina, ka liel\u0101kam laikam, kas ir pavad\u012bts \u0101r\u0101, ir tuvredz\u012bbas riska mazino\u0161s efekts skolas vecuma b\u0113rniem, t\u0101d\u0113j\u0101di samazin\u0101s tuvredz\u012bbas sastopam\u012bba un progres\u0113\u0161ana skol\u0113niem.<\/p>\n<p><img fetchpriority=\"high\" decoding=\"async\" class=\"alignnone wp-image-5544 size-full\" src=\"http:\/\/mobileoptic.lv\/wp-content\/uploads\/2018\/02\/sunlight-play.jpg\" alt=\"\" width=\"250\" height=\"250\" srcset=\"https:\/\/mobileoptic.lv\/wp-content\/uploads\/2018\/02\/sunlight-play.jpg 250w, https:\/\/mobileoptic.lv\/wp-content\/uploads\/2018\/02\/sunlight-play-150x150.jpg 150w, https:\/\/mobileoptic.lv\/wp-content\/uploads\/2018\/02\/sunlight-play-100x100.jpg 100w\" sizes=\"(max-width: 250px) 100vw, 250px\" \/><\/p>\n","protected":false},"excerpt":{"rendered":"<p>K\u0101da ir saist\u012bba starp saules gaismu un tuvredz\u012bbu?<\/p>\n","protected":false},"author":1,"featured_media":5627,"comment_status":"open","ping_status":"open","sticky":false,"template":"","format":"standard","meta":{"_jetpack_memberships_contains_paid_content":false,"footnotes":""},"categories":[6],"tags":[102,103],"class_list":["post-140","post","type-post","status-publish","format-standard","has-post-thumbnail","hentry","category-ocular","tag-saules-gaisma","tag-tuvredziba"],"jetpack_featured_media_url":"https:\/\/mobileoptic.lv\/wp-content\/uploads\/2018\/02\/sun-and-eue.jpg","jetpack_sharing_enabled":true,"jetpack-related-posts":[],"_links":{"self":[{"href":"https:\/\/mobileoptic.lv\/lv\/wp-json\/wp\/v2\/posts\/140","targetHints":{"allow":["GET"]}}],"collection":[{"href":"https:\/\/mobileoptic.lv\/lv\/wp-json\/wp\/v2\/posts"}],"about":[{"href":"https:\/\/mobileoptic.lv\/lv\/wp-json\/wp\/v2\/types\/post"}],"author":[{"embeddable":true,"href":"https:\/\/mobileoptic.lv\/lv\/wp-json\/wp\/v2\/users\/1"}],"replies":[{"embeddable":true,"href":"https:\/\/mobileoptic.lv\/lv\/wp-json\/wp\/v2\/comments?post=140"}],"version-history":[{"count":7,"href":"https:\/\/mobileoptic.lv\/lv\/wp-json\/wp\/v2\/posts\/140\/revisions"}],"predecessor-version":[{"id":5876,"href":"https:\/\/mobileoptic.lv\/lv\/wp-json\/wp\/v2\/posts\/140\/revisions\/5876"}],"wp:featuredmedia":[{"embeddable":true,"href":"https:\/\/mobileoptic.lv\/lv\/wp-json\/wp\/v2\/media\/5627"}],"wp:attachment":[{"href":"https:\/\/mobileoptic.lv\/lv\/wp-json\/wp\/v2\/media?parent=140"}],"wp:term":[{"taxonomy":"category","embeddable":true,"href":"https:\/\/mobileoptic.lv\/lv\/wp-json\/wp\/v2\/categories?post=140"},{"taxonomy":"post_tag","embeddable":true,"href":"https:\/\/mobileoptic.lv\/lv\/wp-json\/wp\/v2\/tags?post=140"}],"curies":[{"name":"wp","href":"https:\/\/api.w.org\/{rel}","templated":true}]}}